{"id":13022,"date":"2026-01-27T04:15:21","date_gmt":"2026-01-27T09:15:21","guid":{"rendered":"https:\/\/controlsatperu.com\/?p=13022"},"modified":"2026-04-28T03:08:50","modified_gmt":"2026-04-28T08:08:50","slug":"antalffy-tibor-uzenete-a-jovonek-es-a-blogolas-oroksege","status":"publish","type":"post","link":"https:\/\/controlsatperu.com\/index.php\/2026\/01\/27\/antalffy-tibor-uzenete-a-jovonek-es-a-blogolas-oroksege\/","title":{"rendered":"Antalffy Tibor \u00fczenete a j\u00f6v\u0151nek \u00e9s a blogol\u00e1s \u00f6r\u00f6ks\u00e9ge"},"content":{"rendered":"<p><strong>A k\u00f6z\u00f6ss\u00e9g<\/strong> fejl\u0151d\u00e9se szorosan \u00f6sszefon\u00f3dik a digit\u00e1lis \u00edr\u00e1stud\u00e1s terjed\u00e9s\u00e9vel. A mai vil\u00e1gban a tud\u00e1s megszerz\u00e9se \u00e9s megoszt\u00e1sa \u00faj szintre l\u00e9pett, lehet\u0151s\u00e9geket k\u00edn\u00e1lva mindenkinek. E folyamat sor\u00e1n a <em>intellektu\u00e1lis \u00f6r\u00f6ks\u00e9g<\/em> meg\u0151rz\u00e9se \u00e9s gazdag\u00edt\u00e1sa elengedhetetlen. Az inform\u00e1ci\u00f3k \u00e1raml\u00e1sa lehet\u0151s\u00e9get teremt a v\u00e9lem\u00e9nyek szabad kifejez\u00e9s\u00e9re, \u00e9s el\u0151seg\u00edti a k\u00f6lcs\u00f6n\u00f6s tanul\u00e1st.<\/p>\n<p>A tapasztalatok \u00e9s tud\u00e1sok megoszt\u00e1sa lehet\u0151v\u00e9 teszi a v\u00e1ltoz\u00e1sokhoz val\u00f3 alkalmazkod\u00e1st \u00e9s a k\u00f6z\u00f6s c\u00e9lok el\u00e9r\u00e9s\u00e9t. A <strong>digit\u00e1lis \u00edr\u00e1stud\u00e1s<\/strong> nemcsak a fiatal gener\u00e1ci\u00f3knak sz\u00f3l, hanem mindenkinek, aki szeretne r\u00e9szt venni a t\u00e1rsadalmi diskurzusban. Az \u00faj technol\u00f3gi\u00e1k haszn\u00e1lata r\u00e9v\u00e9n a kult\u00fara, a tudom\u00e1ny \u00e9s a m\u0171v\u00e9szet hat\u00e1rai folyamatosan b\u0151v\u00fclnek, hozz\u00e1j\u00e1rulva a j\u00f6v\u0151 form\u00e1l\u00e1s\u00e1hoz.<\/p>\n<p>A k\u00f6z\u00f6ss\u00e9gi m\u00e9dia platformjai kiv\u00e1l\u00f3 lehet\u0151s\u00e9get biztos\u00edtanak arra, hogy a gondolatainkat sz\u00e9lesebb k\u00f6rben osszuk meg. Ez\u00e1ltal nem csup\u00e1n a szem\u00e9lyes tapasztalatainkat, hanem a k\u00f6z\u00f6s \u00e9rt\u00e9keinket is \u00e1tadhatjuk m\u00e1soknak. A vil\u00e1gunkban akt\u00edvan r\u00e9szt vev\u0151 egy\u00e9nek k\u00e9pesek form\u00e1lni az intellektu\u00e1lis hagyom\u00e1nyokat, amelyek a k\u00e9s\u0151bbi gener\u00e1ci\u00f3k sz\u00e1m\u00e1ra is fontosak lesznek.<\/p>\n<h2>A digit\u00e1lis gener\u00e1ci\u00f3 \u00e9s a blog\u00edr\u00e1s hat\u00e1sa<\/h2>\n<p>A mai fiatalok sz\u00e1m\u00e1ra aj\u00e1nlott, hogy akt\u00edvan r\u00e9szt vegyenek az online \u00edr\u00e1sban, mivel ez nemcsak az intellektu\u00e1lis \u00f6r\u00f6ks\u00e9g meg\u0151rz\u00e9s\u00e9hez j\u00e1rul hozz\u00e1, hanem lehet\u0151s\u00e9get biztos\u00edt v\u00e9lem\u00e9nynyilv\u00e1n\u00edt\u00e1suk kifejez\u00e9s\u00e9re is.<\/p>\n<p>A digit\u00e1lis \u00edr\u00e1sk\u00e9szs\u00e9g fejleszt\u00e9s\u00e9vel a fiatalok k\u00f6nnyen el\u00e9rhetik a k\u00f6z\u00f6ns\u00e9get, \u00e9s saj\u00e1t gondolatvil\u00e1gukat megoszthatj\u00e1k. Az \u00edr\u00e1s m\u00f3dszerei v\u00e1ltozatosak: blogbejegyz\u00e9sek, k\u00f6z\u00f6ss\u00e9gi m\u00e9dia posztok, vagy \u00e9ppen online cikkek form\u00e1j\u00e1ban. Ebb\u0151l fakad\u00f3an a v\u00e9lem\u00e9nynyilv\u00e1n\u00edt\u00e1s szabads\u00e1ga kulcsfontoss\u00e1g\u00fa szerepet j\u00e1tszik a digit\u00e1lis vil\u00e1gban.<\/p>\n<ul>\n<li>A k\u00f6zvetlen kommunik\u00e1ci\u00f3 el\u0151seg\u00edti a p\u00e1rbesz\u00e9det.<\/li>\n<li>A k\u00fcl\u00f6nb\u00f6z\u0151 n\u00e9z\u0151pontok \u00fctk\u00f6ztet\u00e9se gazdag\u00edtja a kultur\u00e1lis diskurzusokat.<\/li>\n<li>Az \u00edr\u00e1s lehet\u0151s\u00e9get teremt a k\u00f6z\u00f6ss\u00e9g\u00e9p\u00edt\u00e9sre.<\/li>\n<\/ul>\n<p>V\u00e9gs\u0151 soron a fiatalok felel\u0151ss\u00e9ge, hogy fenntarts\u00e1k ezt a szellemi \u00f6r\u00f6ks\u00e9get, \u00e9s \u00faj, \u00e9rt\u00e9kes tartalmakat hozzanak l\u00e9tre, amelyek hozz\u00e1j\u00e1rulnak a t\u00e1rsadalom fejl\u0151d\u00e9s\u00e9hez.<\/p>\n<h2>Tibor b\u00f6lcsess\u00e9gei a fiatalok sz\u00e1m\u00e1ra<\/h2>\n<p>A digit\u00e1lis \u00edr\u00e1stud\u00e1s alapvet\u0151 fontoss\u00e1g\u00fa a j\u00f6v\u0151 gener\u00e1ci\u00f3i sz\u00e1m\u00e1ra. A technol\u00f3giai fejl\u0151d\u00e9s vil\u00e1g\u00e1ban a fiataloknak meg kell tanulniuk, hogyan haszn\u00e1lj\u00e1k fel a k\u00fcl\u00f6nb\u00f6z\u0151 platformokat az \u00f6nkifejez\u00e9sre \u00e9s a tud\u00e1smegoszt\u00e1sra. A tud\u00e1s \u00e9s inform\u00e1ci\u00f3 birtokl\u00e1sa mellett, a k\u00f6z\u00f6ss\u00e9gi m\u00e9dia tudatos haszn\u00e1lata is elengedhetetlen egy harmonikus t\u00e1rsadalmi \u00e9let kialak\u00edt\u00e1s\u00e1hoz.<\/p>\n<p>Az intellektu\u00e1lis \u00f6r\u00f6ks\u00e9g megismer\u00e9se \u00e9s \u00e1t\u00f6r\u00f6k\u00edt\u00e9se szint\u00e9n kiemelt szerepet j\u00e1tszik. A fiataloknak nemcsak a saj\u00e1t gondolataikat kell kifejezni\u00fck, hanem el kell saj\u00e1t\u00edtaniuk a m\u00falt tanuls\u00e1gait is. A b\u00f6lcsess\u00e9g a tapasztalatok meg\u00e9rt\u00e9s\u00e9b\u0151l fakad, \u00e9s az \u00e9lm\u00e9nyek megoszt\u00e1sa seg\u00edt egy stabil k\u00f6z\u00f6ss\u00e9g kialak\u00edt\u00e1s\u00e1ban.<\/p>\n<p>Az \u00faj ismeretek megszerz\u00e9se k\u00f6zben a k\u00f6z\u00f6ss\u00e9gi \u00e9rt\u00e9kek tiszteletben tart\u00e1sa is elengedhetetlen. Az egy\u00fcttm\u0171k\u00f6d\u00e9s \u00e9s a p\u00e1rbesz\u00e9d lehet\u0151s\u00e9gei folyamatosan fejl\u0151dnek, amit a fiataloknak \u00e9rdemes kihaszn\u00e1lniuk. A tud\u00e1smegoszt\u00e1s, mint p\u00e9ld\u00e1ul a <a href=\"https:\/\/antalffy-tibor.com\/\">antalffy-tibor.com<\/a> oldalon tal\u00e1lhat\u00f3 tapasztalatok, seg\u00edtenek gazdag\u00edtani a k\u00f6z\u00f6s tud\u00e1st \u00e9s er\u0151s\u00edteni a k\u00f6z\u00f6ss\u00e9gi kapcsolatokat.<\/p>\n<h2>A j\u00f6v\u0151 trendjei a blog vil\u00e1g\u00e1ban<\/h2>\n<p>A k\u00f6z\u00f6ns\u00e9g meg\u00e9rt\u00e9se \u00e9s a k\u00f6zvetlen interakci\u00f3k ki\u00e9p\u00edt\u00e9se elengedhetetlen ahhoz, hogy a digit\u00e1lis \u00edr\u00e1sm\u00f3dok sikeresek legyenek. A blog\u00edr\u00f3knak \u00e9rdemes figyelembe venni\u00fck a k\u00f6z\u00f6ns\u00e9g ig\u00e9nyeit \u00e9s v\u00e9lem\u00e9nyeit, mivel ezek form\u00e1lj\u00e1k a tartalmak fejl\u0151d\u00e9s\u00e9t. A j\u00f6v\u0151ben fontos szerepet kapnak azok a platformok, ahol a l\u00e1togat\u00f3k k\u00f6zvetlen\u00fcl megoszthatj\u00e1k gondolataikat, ami az \u00edr\u00f3k sz\u00e1m\u00e1ra \u00faj lehet\u0151s\u00e9geket teremt.<\/p>\n<p>A v\u00e9lem\u00e9nyszabads\u00e1g kiterjeszt\u00e9se szint\u00e9n trendd\u00e9 v\u00e1lik. Az olvas\u00f3k egyre ink\u00e1bb arra t\u00f6rekednek, hogy saj\u00e1t hangjukat hallass\u00e1k, \u00edgy a blogoknak reag\u00e1lniuk kell erre a v\u00e1gyra. A k\u00f6z\u00f6ss\u00e9gi m\u00e9dia fel\u00fcletek integr\u00e1l\u00e1sa \u00e9s a k\u00f6zvetlen kapcsolatok kialak\u00edt\u00e1sa el\u0151seg\u00edti ezt a jelens\u00e9get.<\/p>\n<table>\n<tbody>\n<tr>\n<th>Trend<\/th>\n<th>Jellemz\u0151k<\/th>\n<\/tr>\n<tr>\n<td>K\u00f6zvetlen interakci\u00f3<\/td>\n<td>Olvas\u00f3i visszajelz\u00e9sek, k\u00f6zvetlen \u00fczenetk\u00fcld\u00e9s<\/td>\n<\/tr>\n<tr>\n<td>V\u00e9lem\u00e9nyszabads\u00e1g<\/td>\n<td>Szabad v\u00e9lem\u00e9nymegform\u00e1l\u00e1s, k\u00f6z\u00f6ns\u00e9g bevon\u00e1sa<\/td>\n<\/tr>\n<tr>\n<td>Digit\u00e1lis \u00edr\u00e1stud\u00e1s<\/td>\n<td>Tartalomk\u00e9sz\u00edt\u00e9si technik\u00e1k, online jelenl\u00e9t<\/td>\n<\/tr>\n<\/tbody>\n<\/table>\n<p>A digit\u00e1lis \u00edr\u00e1stud\u00e1s fejl\u0151d\u00e9se nemcsak a k\u00e9pess\u00e9gek megszerz\u00e9s\u00e9r\u0151l sz\u00f3l, hanem a megfelel\u0151 technol\u00f3gi\u00e1k \u00e9s platformok haszn\u00e1lat\u00e1r\u00f3l is. A j\u00f6v\u0151 blog h\u00edrviv\u0151i a k\u00fcl\u00f6nb\u00f6z\u0151 form\u00e1tumokat (vide\u00f3k, podcastok) is integr\u00e1lj\u00e1k, hogy min\u00e9l sz\u00e9lesebb k\u00f6z\u00f6ns\u00e9get \u00e9rjenek el. Ez a tendencia lehet\u0151v\u00e9 teszi, hogy a tartalom gazdagabb \u00e9s soksz\u00edn\u0171bb legyen.<\/p>\n<h2>A k\u00f6z\u00f6ss\u00e9gi m\u00e9dia szerepe a blogok n\u00e9pszer\u0171s\u00edt\u00e9s\u00e9ben<\/h2>\n<p>A digit\u00e1lis \u00edr\u00e1stud\u00e1s elengedhetetlen a blogok sikeres n\u00e9pszer\u0171s\u00edt\u00e9s\u00e9hez. A k\u00f6z\u00f6ss\u00e9gi platformok lehet\u0151s\u00e9get adnak a szerz\u0151knek, hogy el\u00e9rj\u00e9k k\u00f6z\u00f6ns\u00e9g\u00fcket, \u00e9s a saj\u00e1t v\u00e9delmi \u00e9rdek\u00fcket szolg\u00e1lj\u00e1k a v\u00e9lem\u00e9nynyilv\u00e1n\u00edt\u00e1s sz szabads\u00e1g\u00e1val. Rendk\u00edv\u00fcl fontos, hogy a blogok tartalma min\u0151s\u00e9gi \u00e9s relev\u00e1ns legyen, mivel ez vonzza az olvas\u00f3kat.<\/p>\n<p>A k\u00f6z\u00f6ss\u00e9gek \u00e1ltal gener\u00e1lt tartalom hat\u00e1sa nem elhanyagolhat\u00f3. A k\u00f6vet\u0151k, olvas\u00f3k \u00e9s interakci\u00f3val b\u00edr\u00f3 felhaszn\u00e1l\u00f3k mind hozz\u00e1j\u00e1rulnak a blogok n\u00e9pszer\u0171s\u00e9g\u00e9hez. A blog szerz\u0151je kihaszn\u00e1lhatja a k\u00f6z\u00f6ns\u00e9g erej\u00e9t, hogy terjessze mondanival\u00f3j\u00e1t a k\u00fcl\u00f6nb\u00f6z\u0151 platformokon.<\/p>\n<p>Az egy\u00fcttm\u0171k\u00f6d\u00e9si lehet\u0151s\u00e9gek \u00e9s a k\u00f6z\u00f6ss\u00e9gi m\u00e9dia t\u00e1mogat\u00e1sa \u00e1ltal \u00faj c\u00e9lcsoportokat \u00e9rhet\u00fcnk el. Blogok \u00e9s k\u00f6z\u00f6ss\u00e9gi f\u00f3rumok k\u00f6z\u00f6tti kapcsolatok er\u0151s\u00edtik a tartalom el\u00e9r\u00e9s\u00e9t, valamint \u00f6szt\u00f6nzik az interakci\u00f3kat, \u00faj v\u00e9lem\u00e9nyeket gener\u00e1lva a szerz\u0151k munk\u00e1ss\u00e1g\u00e1r\u00f3l.<\/p>\n<h2>K\u00e9rd\u00e9sek \u00e9s v\u00e1laszok: <\/h2>\n<h4>Milyen \u00fczenetet k\u00fcld Tibor Antalffy a j\u00f6v\u0151 gener\u00e1ci\u00f3inak?<\/h4>\n<p>Tibor Antalffy \u00fczenete a j\u00f6v\u0151 gener\u00e1ci\u00f3inak az, hogy fontos megtartani az \u0151szintes\u00e9get \u00e9s a hiteless\u00e9get az online t\u00e9rben. Szerinte a tartalmaknak t\u00fckr\u00f6zni\u00fck kell a val\u00f3s\u00e1got, mik\u00f6zben tiszteletben kell tartaniuk m\u00e1sok v\u00e9lem\u00e9ny\u00e9t is. Ezzel arra biztatja a fiatalokat, hogy merjenek kifejezni magukat, ugyanakkor legyenek tudatosak a digit\u00e1lis vil\u00e1gban.<\/p>\n<h4>Mi\u00e9rt fontos a blogging Antalffy Tibor sz\u00e1m\u00e1ra?<\/h4>\n<p>A blogging Antalffy Tibor sz\u00e1m\u00e1ra egy eszk\u00f6z arra, hogy megossza gondolatait \u00e9s tapasztalatait a vil\u00e1ggal. \u00dagy v\u00e9li, hogy a blog lehet\u0151s\u00e9get ad arra, hogy besz\u00e9lgessen az emberekkel \u00e9s felh\u00edvja a figyelmet fontos t\u00e1rsadalmi k\u00e9rd\u00e9sekre. Ez lehet\u0151s\u00e9get biztos\u00edt sz\u00e1m\u00e1ra, hogy k\u00f6zvetlen kapcsolatba l\u00e9pjen olvas\u00f3ival, \u00e9s form\u00e1lja a k\u00f6zbesz\u00e9det.<\/p>\n<h4>Miben k\u00fcl\u00f6nb\u00f6zik Antalffy Tibor blogja m\u00e1s blogokt\u00f3l?<\/h4>\n<p>Antalffy Tibor blogja kiemelkedik t\u00e1rgyal\u00e1sm\u00f3dj\u00e1val \u00e9s a m\u00e9lyrehat\u00f3 tartalm\u00e1val. M\u00edg sok blogger a szem\u00e9lyes \u00e9lm\u00e9nyeire \u00f6sszpontos\u00edt, Tibor igyekszik a t\u00e1rsadalmi \u00e9s politikai k\u00e9rd\u00e9seket is bele\u00e9p\u00edteni a t\u00e9m\u00e1iba. Emellett fontos sz\u00e1m\u00e1ra az objektivit\u00e1s \u00e9s a megb\u00edzhat\u00f3s\u00e1g, ami megk\u00fcl\u00f6nb\u00f6zteti \u0151t a t\u00f6bbi bloggers\u00e9gt\u0151l.<\/p>\n<h4>Hogyan l\u00e1tja Antalffy Tibor a j\u00f6v\u0151 blogol\u00e1s\u00e1t?<\/h4>\n<p>Tibor Antalffy a j\u00f6v\u0151 blogol\u00e1s\u00e1t egy folyamatosan fejl\u0151d\u0151 platformk\u00e9nt l\u00e1tja, ahol a tartalom mellett a k\u00f6z\u00f6ss\u00e9g\u00e9p\u00edt\u00e9s is kiemelt szerepet kap. Szerinte a sikeres bloggerek azok lesznek, akik k\u00e9pesek lesznek kapcsolatokat \u00e9p\u00edteni az olvas\u00f3ikkal, \u00e9s k\u00f6z\u00f6sen form\u00e1lj\u00e1k a diskurzust. A j\u00f6v\u0151beni bloggerek pedig egyre ink\u00e1bb tudatosan fognak kr\u00f3nik\u00e1lni a t\u00e1rsadalom esem\u00e9nyeit.<\/p>\n<h4>Milyen tan\u00e1csot adna Antalffy Tibor a fiatal bloggereknek?<\/h4>\n<p>Antalffy Tibor a fiatal bloggereknek azt tan\u00e1csolja, hogy mindig legyenek h\u0171ek \u00f6nmagukhoz, \u00e9s soha ne f\u00e9ljenek kifejezni v\u00e9lem\u00e9ny\u00fcket. Fontos, hogy a bloggerek hitelesen \u00e9s felel\u0151ss\u00e9gteljesen nyilv\u00e1nuljanak meg, valamint hogy kritikusan olvass\u00e1k \u00e9s elemezz\u00e9k m\u00e1sok tartalmait is. Ezzel nemcsak saj\u00e1t fejl\u0151d\u00e9s\u00fcket seg\u00edtik, hanem hozz\u00e1j\u00e1rulnak a bloggerek k\u00f6z\u00f6ss\u00e9g\u00e9nek gazdag\u00edt\u00e1s\u00e1hoz is.<\/p>\n<h4>Milyen \u00fczenetet k\u00fcld Antalffy Tibor a fiatal bloggerek sz\u00e1m\u00e1ra?<\/h4>\n<p>Antalffy Tibor \u00fczenete a fiatal bloggerek sz\u00e1m\u00e1ra az, hogy ne f\u00e9ljenek megosztani a gondolataikat \u00e9s tapasztalataikat. R\u00e1mutat arra, hogy a szem\u00e9lyes hangv\u00e9tel \u00e9s az egyedi perspekt\u00edva \u00e9rt\u00e9kes a bloggerek vil\u00e1g\u00e1ban. Fontosnak tartja, hogy a fiatalok h\u0171ek maradjanak \u00f6nmagukhoz, \u00e9s \u00e9lvezz\u00e9k a tartalomk\u00e9sz\u00edt\u00e9st, mivel ez nemcsak a vil\u00e1g megismer\u00e9s\u00e9r\u0151l sz\u00f3l, hanem saj\u00e1t identit\u00e1suk kifejez\u00e9s\u00e9r\u0151l is.<\/p>\n<h4>Mit tart a legnagyobb kih\u00edv\u00e1s\u00e1nak a bloggerek sz\u00e1m\u00e1ra a j\u00f6v\u0151ben?<\/h4>\n<p>Tibor szerint a j\u00f6v\u0151ben a bloggerek legnagyobb kih\u00edv\u00e1sa a figyelem felkelt\u00e9se \u00e9s megtart\u00e1sa lesz. A tartalom t\u00falzs\u00fafolts\u00e1ga miatt neh\u00e9z lesz kiemelkedni a t\u00f6megb\u0151l, ez\u00e9rt hangs\u00falyozza az egyedi hangz\u00e1s \u00e9s az eredeti tartalom fontoss\u00e1g\u00e1t. Emellett arra figyelmeztet, hogy a technol\u00f3giai fejl\u0151d\u00e9s \u00e9s a k\u00f6z\u00f6ns\u00e9g elv\u00e1r\u00e1sainak v\u00e1ltoz\u00e1sa folyamatos alkalmazkod\u00e1st ig\u00e9nyel a bloggerek r\u00e9sz\u00e9r\u0151l.<\/p>\n","protected":false},"excerpt":{"rendered":"<p>A k\u00f6z\u00f6ss\u00e9g fejl\u0151d\u00e9se szorosan \u00f6sszefon\u00f3dik a digit\u00e1lis \u00edr\u00e1stud\u00e1s terjed\u00e9s\u00e9vel. A mai vil\u00e1gban a tud\u00e1s megszerz\u00e9se \u00e9s megoszt\u00e1sa \u00faj szintre l\u00e9pett, lehet\u0151s\u00e9geket k\u00edn\u00e1lva mindenkinek. E folyamat sor\u00e1n a intellektu\u00e1lis \u00f6r\u00f6ks\u00e9g meg\u0151rz\u00e9se \u00e9s gazdag\u00edt\u00e1sa elengedhetetlen. Az inform\u00e1ci\u00f3k \u00e1raml\u00e1sa lehet\u0151s\u00e9get teremt a v\u00e9lem\u00e9nyek szabad kifejez\u00e9s\u00e9re, \u00e9s el\u0151seg\u00edti a k\u00f6lcs\u00f6n\u00f6s tanul\u00e1st. A tapasztalatok \u00e9s tud\u00e1sok megoszt\u00e1sa lehet\u0151v\u00e9 teszi a&hellip;<\/p>\n","protected":false},"author":1,"featured_media":0,"comment_status":"closed","ping_status":"open","sticky":false,"template":"","format":"standard","meta":{"_monsterinsights_skip_tracking":false,"_monsterinsights_sitenote_active":false,"_monsterinsights_sitenote_note":"","_monsterinsights_sitenote_category":0,"footnotes":"","jetpack_publicize_message":"","jetpack_is_tweetstorm":false,"jetpack_publicize_feature_enabled":true,"jetpack_social_post_already_shared":true,"jetpack_social_options":{"image_generator_settings":{"template":"highway","enabled":false}}},"categories":[116],"tags":[],"class_list":["post-13022","post","type-post","status-publish","format-standard","hentry","category-29black-casino"],"jetpack_publicize_connections":[],"aioseo_notices":[],"jetpack_sharing_enabled":true,"jetpack_featured_media_url":"","_links":{"self":[{"href":"https:\/\/controlsatperu.com\/index.php\/wp-json\/wp\/v2\/posts\/13022","targetHints":{"allow":["GET"]}}],"collection":[{"href":"https:\/\/controlsatperu.com\/index.php\/wp-json\/wp\/v2\/posts"}],"about":[{"href":"https:\/\/controlsatperu.com\/index.php\/wp-json\/wp\/v2\/types\/post"}],"author":[{"embeddable":true,"href":"https:\/\/controlsatperu.com\/index.php\/wp-json\/wp\/v2\/users\/1"}],"replies":[{"embeddable":true,"href":"https:\/\/controlsatperu.com\/index.php\/wp-json\/wp\/v2\/comments?post=13022"}],"version-history":[{"count":1,"href":"https:\/\/controlsatperu.com\/index.php\/wp-json\/wp\/v2\/posts\/13022\/revisions"}],"predecessor-version":[{"id":13023,"href":"https:\/\/controlsatperu.com\/index.php\/wp-json\/wp\/v2\/posts\/13022\/revisions\/13023"}],"wp:attachment":[{"href":"https:\/\/controlsatperu.com\/index.php\/wp-json\/wp\/v2\/media?parent=13022"}],"wp:term":[{"taxonomy":"category","embeddable":true,"href":"https:\/\/controlsatperu.com\/index.php\/wp-json\/wp\/v2\/categories?post=13022"},{"taxonomy":"post_tag","embeddable":true,"href":"https:\/\/controlsatperu.com\/index.php\/wp-json\/wp\/v2\/tags?post=13022"}],"curies":[{"name":"wp","href":"https:\/\/api.w.org\/{rel}","templated":true}]}}